{"id":245,"date":"2020-02-29T20:47:00","date_gmt":"2020-02-29T19:47:00","guid":{"rendered":"https:\/\/addsna.123.fr\/?p=245"},"modified":"2020-02-29T20:47:03","modified_gmt":"2020-02-29T19:47:03","slug":"stage-de-ski-enfants","status":"publish","type":"post","link":"https:\/\/addsna.123.fr\/?p=245","title":{"rendered":"STage de ski ENFANTS"},"content":{"rendered":"\n<p>Le traditionnel stage de ski pour les enfants de 6 \u00e0 15 ans s&rsquo;est d\u00e9roul\u00e9 du 25 au 27 f\u00e9vrier \u00e0 Ste-Eulalie. L&rsquo;\u00e9quipe de la station de la Chavade &#8211; Bel Air a assur\u00e9 l&rsquo;enneigement avec une boucle de 400m qui nous a permis de skier dans des conditions optimales. Nous pouvons souligner que c&rsquo;est l&rsquo;unique station de ski de la montagne ard\u00e9choise qui permettait de skier sur de la neige. Merci \u00e0 toute l&rsquo;\u00e9quipe pour le travail r\u00e9alis\u00e9.<\/p>\n\n\n\n<p>35 enfants ont pu \u00e9voluer avec les moniteurs en fonction de leur niveau.  Ils ont pu compter sur Fr\u00e9d\u00e9ric SAHUC, Sol\u00e8ne BREYSSE, Arnaud ECHINARD, Fanny et Bernadette ROCHE pour assurer les cours de ski mais \u00e9galement de biathlon avec le mat\u00e9riel pr\u00eat\u00e9 par le SMA. Le centre AEP de Ste-Eulalie avait \u00e9t\u00e9 retenu pour h\u00e9berger les stagiaires et le transport \u00e9tait assur\u00e9 par bus vers la zone nordique.<\/p>\n\n\n\n<p>Une comp\u00e9tition de biathlon a cl\u00f4tur\u00e9 le stage et tous les enfants ont re\u00e7us une m\u00e9daille en fonction des aptitudes acquise au terme de ces 3 jours.<\/p>\n\n\n\n<figure class=\"wp-block-image\"><img loading=\"lazy\" decoding=\"async\" width=\"1024\" height=\"768\" src=\"https:\/\/addsna.123.fr\/wp-content\/uploads\/2020\/02\/IMG_20200227_121404_BURST002-1024x768.jpg\" alt=\"\" class=\"wp-image-246\" srcset=\"https:\/\/addsna.123.fr\/wp-content\/uploads\/2020\/02\/IMG_20200227_121404_BURST002-1024x768.jpg 1024w, https:\/\/addsna.123.fr\/wp-content\/uploads\/2020\/02\/IMG_20200227_121404_BURST002-300x225.jpg 300w, https:\/\/addsna.123.fr\/wp-content\/uploads\/2020\/02\/IMG_20200227_121404_BURST002-768x576.jpg 768w\" sizes=\"auto, (max-width: 1024px) 100vw, 1024px\" \/><figcaption>La Chavade Bel-Air le 27-02-2020<\/figcaption><\/figure>\n","protected":false},"excerpt":{"rendered":"<p>Le traditionnel stage de ski pour les enfants de 6 \u00e0 15 ans s&rsquo;est d\u00e9roul\u00e9 du 25 au 27 f\u00e9vrier \u00e0 Ste-Eulalie. L&rsquo;\u00e9quipe de la station de la Chavade &#8211; Bel Air a assur\u00e9 l&rsquo;enneigement avec une boucle de 400m qui nous a permis de skier dans des conditions optimales. Nous pouvons souligner que c&rsquo;est &hellip; <a href=\"https:\/\/addsna.123.fr\/?p=245\" class=\"more-link\">Continuer la lecture de <span class=\"screen-reader-text\">STage de ski ENFANTS<\/span>  <span class=\"meta-nav\">&rarr;<\/span><\/a><\/p>\n","protected":false},"author":1,"featured_media":246,"comment_status":"closed","ping_status":"closed","sticky":false,"template":"","format":"standard","meta":{"footnotes":""},"categories":[7,5],"tags":[],"class_list":["post-245","post","type-post","status-publish","format-standard","has-post-thumbnail","hentry","category-stages-ski-nordique","category-stages"],"_links":{"self":[{"href":"https:\/\/addsna.123.fr\/index.php?rest_route=\/wp\/v2\/posts\/245","targetHints":{"allow":["GET"]}}],"collection":[{"href":"https:\/\/addsna.123.fr\/index.php?rest_route=\/wp\/v2\/posts"}],"about":[{"href":"https:\/\/addsna.123.fr\/index.php?rest_route=\/wp\/v2\/types\/post"}],"author":[{"embeddable":true,"href":"https:\/\/addsna.123.fr\/index.php?rest_route=\/wp\/v2\/users\/1"}],"replies":[{"embeddable":true,"href":"https:\/\/addsna.123.fr\/index.php?rest_route=%2Fwp%2Fv2%2Fcomments&post=245"}],"version-history":[{"count":1,"href":"https:\/\/addsna.123.fr\/index.php?rest_route=\/wp\/v2\/posts\/245\/revisions"}],"predecessor-version":[{"id":247,"href":"https:\/\/addsna.123.fr\/index.php?rest_route=\/wp\/v2\/posts\/245\/revisions\/247"}],"wp:featuredmedia":[{"embeddable":true,"href":"https:\/\/addsna.123.fr\/index.php?rest_route=\/wp\/v2\/media\/246"}],"wp:attachment":[{"href":"https:\/\/addsna.123.fr\/index.php?rest_route=%2Fwp%2Fv2%2Fmedia&parent=245"}],"wp:term":[{"taxonomy":"category","embeddable":true,"href":"https:\/\/addsna.123.fr\/index.php?rest_route=%2Fwp%2Fv2%2Fcategories&post=245"},{"taxonomy":"post_tag","embeddable":true,"href":"https:\/\/addsna.123.fr\/index.php?rest_route=%2Fwp%2Fv2%2Ftags&post=245"}],"curies":[{"name":"wp","href":"https:\/\/api.w.org\/{rel}","templated":true}]}}