{"id":498,"date":"2022-02-20T21:21:50","date_gmt":"2022-02-20T20:21:50","guid":{"rendered":"https:\/\/addsna.123.fr\/?p=498"},"modified":"2022-02-20T21:21:53","modified_gmt":"2022-02-20T20:21:53","slug":"stage-des-jeunes-fevrier-2022","status":"publish","type":"post","link":"https:\/\/addsna.123.fr\/?p=498","title":{"rendered":"Stage des Jeunes f\u00e9vrier 2022"},"content":{"rendered":"\n<p>Un stage de 3 jours de ski de fond est organis\u00e9 par l\u2019ADDSNA pour les enfants, \u00e2g\u00e9s entre 6 et 14 ans, du mercredi 23 f\u00e9vrier au vendredi 25 f\u00e9vrier 2021 \u00e0 la chavade bel air .<br>Programme:<br>&#8211; mercredi 23\/02 10h -16h<br>&#8211; jeudi 24\/02 10h-16h<br>&#8211; vendredi 25\/02 14h-16h gouter offert et nocturne en ski de 18h \u00e0 20h<br>La location du mat\u00e9riel personnel de ski et le pic nic de midi n\u2019est pas pris en charge par l\u2019ADDSNA (location possible \u00e0 la chavade) .<br>Rendez-vous le 23 f\u00e9vrier 2022 \u00e0 10h \u00e0 la chavade bel air.<\/p>\n","protected":false},"excerpt":{"rendered":"<p>Un stage de 3 jours de ski de fond est organis\u00e9 par l\u2019ADDSNA pour les enfants, \u00e2g\u00e9s entre 6 et 14 ans, du mercredi 23 f\u00e9vrier au vendredi 25 f\u00e9vrier 2021 \u00e0 la chavade bel air .Programme:&#8211; mercredi 23\/02 10h -16h&#8211; jeudi 24\/02 10h-16h&#8211; vendredi 25\/02 14h-16h gouter offert et nocturne en ski de 18h &hellip; <a href=\"https:\/\/addsna.123.fr\/?p=498\" class=\"more-link\">Continuer la lecture de <span class=\"screen-reader-text\">Stage des Jeunes f\u00e9vrier 2022<\/span>  <span class=\"meta-nav\">&rarr;<\/span><\/a><\/p>\n","protected":false},"author":1,"featured_media":0,"comment_status":"closed","ping_status":"closed","sticky":false,"template":"","format":"standard","meta":{"footnotes":""},"categories":[15,7,5],"tags":[],"class_list":["post-498","post","type-post","status-publish","format-standard","hentry","category-activites","category-stages-ski-nordique","category-stages"],"_links":{"self":[{"href":"https:\/\/addsna.123.fr\/index.php?rest_route=\/wp\/v2\/posts\/498","targetHints":{"allow":["GET"]}}],"collection":[{"href":"https:\/\/addsna.123.fr\/index.php?rest_route=\/wp\/v2\/posts"}],"about":[{"href":"https:\/\/addsna.123.fr\/index.php?rest_route=\/wp\/v2\/types\/post"}],"author":[{"embeddable":true,"href":"https:\/\/addsna.123.fr\/index.php?rest_route=\/wp\/v2\/users\/1"}],"replies":[{"embeddable":true,"href":"https:\/\/addsna.123.fr\/index.php?rest_route=%2Fwp%2Fv2%2Fcomments&post=498"}],"version-history":[{"count":1,"href":"https:\/\/addsna.123.fr\/index.php?rest_route=\/wp\/v2\/posts\/498\/revisions"}],"predecessor-version":[{"id":499,"href":"https:\/\/addsna.123.fr\/index.php?rest_route=\/wp\/v2\/posts\/498\/revisions\/499"}],"wp:attachment":[{"href":"https:\/\/addsna.123.fr\/index.php?rest_route=%2Fwp%2Fv2%2Fmedia&parent=498"}],"wp:term":[{"taxonomy":"category","embeddable":true,"href":"https:\/\/addsna.123.fr\/index.php?rest_route=%2Fwp%2Fv2%2Fcategories&post=498"},{"taxonomy":"post_tag","embeddable":true,"href":"https:\/\/addsna.123.fr\/index.php?rest_route=%2Fwp%2Fv2%2Ftags&post=498"}],"curies":[{"name":"wp","href":"https:\/\/api.w.org\/{rel}","templated":true}]}}