{"id":87,"date":"2019-07-28T18:57:12","date_gmt":"2019-07-28T16:57:12","guid":{"rendered":"https:\/\/addsna.123.fr\/?p=87"},"modified":"2019-07-29T10:08:34","modified_gmt":"2019-07-29T08:08:34","slug":"ardecho-tour-2019","status":"publish","type":"post","link":"https:\/\/addsna.123.fr\/?p=87","title":{"rendered":"ARDECH&rsquo;O TOUR 2019"},"content":{"rendered":"\n<figure class=\"wp-block-image is-resized\"><img loading=\"lazy\" decoding=\"async\" src=\"https:\/\/addsna.123.fr\/wp-content\/uploads\/2019\/06\/ArdechoTour_2019_1.jpg\" alt=\"\" class=\"wp-image-117\" width=\"487\" height=\"365\" srcset=\"https:\/\/addsna.123.fr\/wp-content\/uploads\/2019\/06\/ArdechoTour_2019_1.jpg 960w, https:\/\/addsna.123.fr\/wp-content\/uploads\/2019\/06\/ArdechoTour_2019_1-300x225.jpg 300w, https:\/\/addsna.123.fr\/wp-content\/uploads\/2019\/06\/ArdechoTour_2019_1-768x575.jpg 768w\" sizes=\"auto, (max-width: 487px) 100vw, 487px\" \/><figcaption>L&rsquo;\u00e9quipe des b\u00e9n\u00e9voles presque au complet<\/figcaption><\/figure>\n\n\n\n<blockquote class=\"wp-block-quote is-layout-flow wp-block-quote-is-layout-flow\"><p>L&rsquo;\u00e9dition 2019 de l&rsquo;Ard\u00e8ch&rsquo;O tour s&rsquo;est termin\u00e9e ce dimanche. Avec plus de 300  participants ce fut une belle r\u00e9ussite malgr\u00e9 une m\u00e9t\u00e9o tr\u00e8s capricieuse !<\/p><p>Cette \u00e9dition 2019 nous a combl\u00e9s avec de magnifiques parcours sur les 3 communes pr\u00e9par\u00e9s par Fanny Roche avec un accueil chaleureux de la population dans les villages, de belles rencontre parmi les participants venus des quatre coins de France et m\u00eame de l&rsquo;\u00e9tranger, et une ambiance familiale durant ces 3 jours.<\/p><p>Merci a tous les comp\u00e9titeurs qui ont particip\u00e9, le plus souvent en famille, et qui ont assur\u00e9s le succ\u00e8s de cette manifestation.<\/p><p>Merci a tous les partenaires et sponsors et bien s\u00fbr \u00e0 tous les b\u00e9n\u00e9voles qui ont \u0153uvr\u00e9 pendant 3 jours, sans rel\u00e2che, et sans qui l&rsquo;organisation de cette manifestation serait impossible !<\/p><p>N&rsquo;h\u00e9sitez pas \u00e0 nous laisser vos commentaires sur notre page Facebook <a rel=\"noreferrer noopener\" aria-label=\" (s\u2019ouvre dans un nouvel onglet)\" href=\"https:\/\/www.facebook.com\/addsna07\/\" target=\"_blank\">@addsna07<\/a><\/p><p>Nous vous donnons bien entendu rendez-vous l&rsquo;ann\u00e9e prochaine pour une nouvelle \u00e9dition de l&rsquo;Ard\u00e9ch&rsquo;O tour !<\/p><\/blockquote>\n\n\n\n<p>Les r\u00e9sultats \u00e9tape par \u00e9tape :<\/p>\n\n\n\n<div class=\"wp-block-file\"><a href=\"https:\/\/addsna.123.fr\/wp-content\/uploads\/2019\/06\/annonce-de-course-etape-1.pdf\">Annonce de course \u00e9tape 1<\/a><a href=\"https:\/\/addsna.123.fr\/wp-content\/uploads\/2019\/06\/annonce-de-course-etape-1.pdf\" class=\"wp-block-file__button\" download>T\u00e9l\u00e9charger<\/a><\/div>\n\n\n\n<div class=\"wp-block-file\"><a href=\"https:\/\/addsna.123.fr\/wp-content\/uploads\/2019\/06\/R\u00e9sultats_J1.pdf\">R\u00e9sultats \u00e9tape 1<\/a><a href=\"https:\/\/addsna.123.fr\/wp-content\/uploads\/2019\/06\/R\u00e9sultats_J1.pdf\" class=\"wp-block-file__button\" download>T\u00e9l\u00e9charger<\/a><\/div>\n\n\n\n<div class=\"wp-block-file\"><a href=\"https:\/\/addsna.123.fr\/wp-content\/uploads\/2019\/06\/annonce-de-course-etape-2.pdf\">Annonce de course \u00e9tape 2<\/a><a href=\"https:\/\/addsna.123.fr\/wp-content\/uploads\/2019\/06\/annonce-de-course-etape-2.pdf\" class=\"wp-block-file__button\" download>T\u00e9l\u00e9charger<\/a><\/div>\n\n\n\n<div class=\"wp-block-file\"><a href=\"https:\/\/addsna.123.fr\/wp-content\/uploads\/2019\/06\/R\u00e9sultats_J2.pdf\">R\u00e9sultats \u00e9tape 2<\/a><a href=\"https:\/\/addsna.123.fr\/wp-content\/uploads\/2019\/06\/R\u00e9sultats_J2.pdf\" class=\"wp-block-file__button\" download>T\u00e9l\u00e9charger<\/a><\/div>\n\n\n\n<div class=\"wp-block-file\"><a href=\"https:\/\/addsna.123.fr\/wp-content\/uploads\/2019\/06\/annonce-de-course-etape-3.pdf\">Annonce de course \u00e9tape 3<\/a><a href=\"https:\/\/addsna.123.fr\/wp-content\/uploads\/2019\/06\/annonce-de-course-etape-3.pdf\" class=\"wp-block-file__button\" download>T\u00e9l\u00e9charger<\/a><\/div>\n\n\n\n<div class=\"wp-block-file\"><a href=\"https:\/\/addsna.123.fr\/wp-content\/uploads\/2019\/06\/R\u00e9sultats_J3.pdf\">R\u00e9sultats \u00e9tape 3<\/a><a href=\"https:\/\/addsna.123.fr\/wp-content\/uploads\/2019\/06\/R\u00e9sultats_J3.pdf\" class=\"wp-block-file__button\" download>T\u00e9l\u00e9charger<\/a><\/div>\n\n\n\n<div class=\"wp-block-file\"><a href=\"https:\/\/addsna.123.fr\/wp-content\/uploads\/2019\/06\/CLASSEMENT.pdf\">CLASSEMENT FINAL<\/a><a href=\"https:\/\/addsna.123.fr\/wp-content\/uploads\/2019\/06\/CLASSEMENT.pdf\" class=\"wp-block-file__button\" download>T\u00e9l\u00e9charger<\/a><\/div>\n\n\n\n<figure class=\"wp-block-image\"><img loading=\"lazy\" decoding=\"async\" width=\"719\" height=\"960\" src=\"https:\/\/addsna.123.fr\/wp-content\/uploads\/2019\/06\/ArdechoTour_2019_2.jpg\" alt=\"\" class=\"wp-image-118\" srcset=\"https:\/\/addsna.123.fr\/wp-content\/uploads\/2019\/06\/ArdechoTour_2019_2.jpg 719w, https:\/\/addsna.123.fr\/wp-content\/uploads\/2019\/06\/ArdechoTour_2019_2-225x300.jpg 225w\" sizes=\"auto, (max-width: 719px) 100vw, 719px\" \/><figcaption>Les plus jeunes en comp\u00e9tition !<\/figcaption><\/figure>\n","protected":false},"excerpt":{"rendered":"<p>L&rsquo;\u00e9dition 2019 de l&rsquo;Ard\u00e8ch&rsquo;O tour s&rsquo;est termin\u00e9e ce dimanche. Avec plus de 300 participants ce fut une belle r\u00e9ussite malgr\u00e9 une m\u00e9t\u00e9o tr\u00e8s capricieuse ! Cette \u00e9dition 2019 nous a combl\u00e9s avec de magnifiques parcours sur les 3 communes pr\u00e9par\u00e9s par Fanny Roche avec un accueil chaleureux de la population dans les villages, de belles &hellip; <a href=\"https:\/\/addsna.123.fr\/?p=87\" class=\"more-link\">Continuer la lecture de <span class=\"screen-reader-text\">ARDECH&rsquo;O TOUR 2019<\/span>  <span class=\"meta-nav\">&rarr;<\/span><\/a><\/p>\n","protected":false},"author":1,"featured_media":103,"comment_status":"closed","ping_status":"closed","sticky":false,"template":"","format":"standard","meta":{"footnotes":""},"categories":[2,13],"tags":[14],"class_list":["post-87","post","type-post","status-publish","format-standard","has-post-thumbnail","hentry","category-courses","category-orientation","tag-course-orientation"],"_links":{"self":[{"href":"https:\/\/addsna.123.fr\/index.php?rest_route=\/wp\/v2\/posts\/87","targetHints":{"allow":["GET"]}}],"collection":[{"href":"https:\/\/addsna.123.fr\/index.php?rest_route=\/wp\/v2\/posts"}],"about":[{"href":"https:\/\/addsna.123.fr\/index.php?rest_route=\/wp\/v2\/types\/post"}],"author":[{"embeddable":true,"href":"https:\/\/addsna.123.fr\/index.php?rest_route=\/wp\/v2\/users\/1"}],"replies":[{"embeddable":true,"href":"https:\/\/addsna.123.fr\/index.php?rest_route=%2Fwp%2Fv2%2Fcomments&post=87"}],"version-history":[{"count":13,"href":"https:\/\/addsna.123.fr\/index.php?rest_route=\/wp\/v2\/posts\/87\/revisions"}],"predecessor-version":[{"id":124,"href":"https:\/\/addsna.123.fr\/index.php?rest_route=\/wp\/v2\/posts\/87\/revisions\/124"}],"wp:featuredmedia":[{"embeddable":true,"href":"https:\/\/addsna.123.fr\/index.php?rest_route=\/wp\/v2\/media\/103"}],"wp:attachment":[{"href":"https:\/\/addsna.123.fr\/index.php?rest_route=%2Fwp%2Fv2%2Fmedia&parent=87"}],"wp:term":[{"taxonomy":"category","embeddable":true,"href":"https:\/\/addsna.123.fr\/index.php?rest_route=%2Fwp%2Fv2%2Fcategories&post=87"},{"taxonomy":"post_tag","embeddable":true,"href":"https:\/\/addsna.123.fr\/index.php?rest_route=%2Fwp%2Fv2%2Ftags&post=87"}],"curies":[{"name":"wp","href":"https:\/\/api.w.org\/{rel}","templated":true}]}}